{"id":546,"date":"2018-03-18T21:40:19","date_gmt":"2018-03-18T19:40:19","guid":{"rendered":"http:\/\/www.zohumpolec.cz\/?p=546"},"modified":"2018-03-18T21:40:19","modified_gmt":"2018-03-18T19:40:19","slug":"vyrocni-schuze-2018","status":"publish","type":"post","link":"https:\/\/www.zohumpolec.cz\/?p=546","title":{"rendered":"V\u00fdro\u010dn\u00ed sch\u016fze 2018"},"content":{"rendered":"<p>10.b\u0159ezna 2018 se uskute\u010dnila v\u00fdro\u010dn\u00ed \u010dlensk\u00e1 sch\u016fze z\u00e1kladn\u00ed organizace chovatel\u016f Humpolce. Za \u00fa\u010dasti host\u016f &#8211; p\u0159edsedy OO CSCH Pelh\u0159imov p\u0159. Josefa Kratochv\u00edla a m\u00edstostarosty Humpolce pana ing. Kv\u011btoslava Namysla prob\u011bhla cel\u00e1 akce v slavnostn\u00ed p\u0159\u00e1telsk\u00e9 n\u00e1lad\u011b. V pr\u016fb\u011bhu programu bylo vzpomenuto lo\u0148sk\u00e9ho osmdes\u00e1t\u00e9ho v\u00fdro\u010d\u00ed od zalo\u017een\u00ed organizovan\u00e9ho chovatelstv\u00ed v Humpolci. V souvislosti s touto ud\u00e1lost\u00ed prob\u011bhlo slavnostn\u00ed p\u0159ed\u00e1n\u00ed vyznamen\u00e1n\u00ed \u010dlen\u016fm na\u0161\u00ed organizace, a to z rukou na\u0161ich v\u00fd\u0161e jmenovan\u00fdch host\u016f. \u010cesk\u00fd svaz chovatel\u016f ud\u011blil svazov\u00e1 vyznamen\u00e1n\u00ed:<br \/>\nI. stupe\u0148<br \/>\nPavel David<br \/>\nFranti\u0161ek Havel<br \/>\nStanislav \u010cech<br \/>\nJosef Folejtar<\/p>\n<p>II. stupe\u0148<br \/>\nMarie Havlov\u00e1<br \/>\nStanislav Brde\u010dka<\/p>\n<p>III. stupe\u0148<br \/>\nJaroslav Pajer<br \/>\nJaroslav Dygr\u00fdn<br \/>\nV\u00e1clav David<br \/>\nFranti\u0161ek Pikal<br \/>\nNejd\u016fle\u017eit\u011bj\u0161\u00edm bodem sch\u016fze byla volba v\u00fdboru ZO na dal\u0161\u00ed volebn\u00ed obdob\u00ed. Do v\u00fdboru z\u00e1kladn\u00ed organizace byli zvoleni: Stanislav Brde\u010dka, V\u00e1clav David, Viktor Eichler, \u0160\u00e1rka Kr\u010dilov\u00e1, Josef Meloun, Martin M\u011bska, Zuzana \u0160tef\u00e1nkov\u00e1.<\/p>\n","protected":false},"excerpt":{"rendered":"<p>10.b\u0159ezna 2018 se uskute\u010dnila v\u00fdro\u010dn\u00ed \u010dlensk\u00e1 sch\u016fze z\u00e1kladn\u00ed organizace chovatel\u016f Humpolce. Za \u00fa\u010dasti host\u016f &#8211; p\u0159edsedy OO CSCH Pelh\u0159imov p\u0159. Josefa Kratochv\u00edla a m\u00edstostarosty Humpolce pana ing. Kv\u011btoslava Namysla prob\u011bhla cel\u00e1 akce v slavnostn\u00ed p\u0159\u00e1telsk\u00e9 n\u00e1lad\u011b. V pr\u016fb\u011bhu programu bylo vzpomenuto lo\u0148sk\u00e9ho osmdes\u00e1t\u00e9ho v\u00fdro\u010d\u00ed od zalo\u017een\u00ed organizovan\u00e9ho chovatelstv\u00ed v Humpolci. V souvislosti s touto ud\u00e1lost\u00ed [&hellip;]<\/p>\n","protected":false},"author":2,"featured_media":0,"comment_status":"closed","ping_status":"closed","sticky":false,"template":"","format":"standard","meta":{"footnotes":""},"categories":[4],"tags":[],"_links":{"self":[{"href":"https:\/\/www.zohumpolec.cz\/index.php?rest_route=\/wp\/v2\/posts\/546"}],"collection":[{"href":"https:\/\/www.zohumpolec.cz\/index.php?rest_route=\/wp\/v2\/posts"}],"about":[{"href":"https:\/\/www.zohumpolec.cz\/index.php?rest_route=\/wp\/v2\/types\/post"}],"author":[{"embeddable":true,"href":"https:\/\/www.zohumpolec.cz\/index.php?rest_route=\/wp\/v2\/users\/2"}],"replies":[{"embeddable":true,"href":"https:\/\/www.zohumpolec.cz\/index.php?rest_route=%2Fwp%2Fv2%2Fcomments&post=546"}],"version-history":[{"count":1,"href":"https:\/\/www.zohumpolec.cz\/index.php?rest_route=\/wp\/v2\/posts\/546\/revisions"}],"predecessor-version":[{"id":547,"href":"https:\/\/www.zohumpolec.cz\/index.php?rest_route=\/wp\/v2\/posts\/546\/revisions\/547"}],"wp:attachment":[{"href":"https:\/\/www.zohumpolec.cz\/index.php?rest_route=%2Fwp%2Fv2%2Fmedia&parent=546"}],"wp:term":[{"taxonomy":"category","embeddable":true,"href":"https:\/\/www.zohumpolec.cz\/index.php?rest_route=%2Fwp%2Fv2%2Fcategories&post=546"},{"taxonomy":"post_tag","embeddable":true,"href":"https:\/\/www.zohumpolec.cz\/index.php?rest_route=%2Fwp%2Fv2%2Ftags&post=546"}],"curies":[{"name":"wp","href":"https:\/\/api.w.org\/{rel}","templated":true}]}}