{"id":154,"date":"2011-10-16T21:20:03","date_gmt":"2011-10-16T19:20:03","guid":{"rendered":"http:\/\/www.zohumpolec.cz\/?p=154"},"modified":"2011-10-16T21:22:01","modified_gmt":"2011-10-16T19:22:01","slug":"oslava-narozenin","status":"publish","type":"post","link":"https:\/\/www.zohumpolec.cz\/?p=154","title":{"rendered":"Oslava narozenin"},"content":{"rendered":"<p>V m\u011bs\u00edci kv\u011btnu a \u010dervenci oslavili t\u0159i na\u0161i \u010dlenov\u00e9 v\u00fdznanm\u00e1 \u017eivotn\u00ed jubilea. Tyto ud\u00e1losti jsme nemohli nechat bez pov\u0161imnut\u00ed. Uspo\u0159\u00e1dali jsme proto v na\u0161em v\u00fdstavn\u00edm are\u00e1lu slavnostn\u00ed sch\u016fzi s mal\u00fdm ob\u010derstven\u00edm a pochopiteln\u011b i s hudebn\u00ed produkc\u00ed na\u0161ich hudebn\u011b nadan\u00fdch koleg\u016f chovatel\u016f. V souvislosti s gratulac\u00ed a mal\u00fdm pam\u011btn\u00edm d\u00e1rkem nejstar\u0161\u00ed \u010dlen na\u0161\u00ed organizace ( evidentn\u011b dojat\u00fd ), p\u0159. B. Doubek, \u00a0zavzpom\u00ednal na svoji dlouholetou \u017eivotn\u00ed pou\u0165 v \u0159ad\u00e1ch chovatel\u016f. Mysl\u00edm, \u017ee v\u0161ichni se m\u016f\u017eeme u\u010dit od tohoto na\u0161eho kolegy, a\u0165 u\u017e jde o chov zv\u00ed\u0159at, vztah k vlastn\u00edm sv\u011b\u0159enc\u016fm ale i o p\u0159\u00edstup k \u017eivotu a ke sv\u00fdm bl\u00edzk\u00fdm.<\/p>\n<p>P\u0159. Doubek oslavil 80. narozeniny<\/p>\n<p>P\u0159.Kr\u010dil oslavil 70. narozeniny<\/p>\n<p>P\u0159. Adamec oslavil 65. narozeniny<\/p>\n<p>Je\u0161t\u011b jednou gratulujeme.<\/p>\n<p>Do fotogalerie jsem um\u00edstil n\u011bkolik fotografi\u00ed z t\u00e9to akce.<\/p>\n<p>Za ZO Josef Meloun<\/p>\n<p>&nbsp;<\/p>\n","protected":false},"excerpt":{"rendered":"<p>V m\u011bs\u00edci kv\u011btnu a \u010dervenci oslavili t\u0159i na\u0161i \u010dlenov\u00e9 v\u00fdznanm\u00e1 \u017eivotn\u00ed jubilea. Tyto ud\u00e1losti jsme nemohli nechat bez pov\u0161imnut\u00ed. Uspo\u0159\u00e1dali jsme proto v na\u0161em v\u00fdstavn\u00edm are\u00e1lu slavnostn\u00ed sch\u016fzi s mal\u00fdm ob\u010derstven\u00edm a pochopiteln\u011b i s hudebn\u00ed produkc\u00ed na\u0161ich hudebn\u011b nadan\u00fdch koleg\u016f chovatel\u016f. V souvislosti s gratulac\u00ed a mal\u00fdm pam\u011btn\u00edm d\u00e1rkem nejstar\u0161\u00ed \u010dlen na\u0161\u00ed organizace ( [&hellip;]<\/p>\n","protected":false},"author":2,"featured_media":0,"comment_status":"closed","ping_status":"closed","sticky":false,"template":"","format":"standard","meta":{"footnotes":""},"categories":[4],"tags":[],"_links":{"self":[{"href":"https:\/\/www.zohumpolec.cz\/index.php?rest_route=\/wp\/v2\/posts\/154"}],"collection":[{"href":"https:\/\/www.zohumpolec.cz\/index.php?rest_route=\/wp\/v2\/posts"}],"about":[{"href":"https:\/\/www.zohumpolec.cz\/index.php?rest_route=\/wp\/v2\/types\/post"}],"author":[{"embeddable":true,"href":"https:\/\/www.zohumpolec.cz\/index.php?rest_route=\/wp\/v2\/users\/2"}],"replies":[{"embeddable":true,"href":"https:\/\/www.zohumpolec.cz\/index.php?rest_route=%2Fwp%2Fv2%2Fcomments&post=154"}],"version-history":[{"count":3,"href":"https:\/\/www.zohumpolec.cz\/index.php?rest_route=\/wp\/v2\/posts\/154\/revisions"}],"predecessor-version":[{"id":156,"href":"https:\/\/www.zohumpolec.cz\/index.php?rest_route=\/wp\/v2\/posts\/154\/revisions\/156"}],"wp:attachment":[{"href":"https:\/\/www.zohumpolec.cz\/index.php?rest_route=%2Fwp%2Fv2%2Fmedia&parent=154"}],"wp:term":[{"taxonomy":"category","embeddable":true,"href":"https:\/\/www.zohumpolec.cz\/index.php?rest_route=%2Fwp%2Fv2%2Fcategories&post=154"},{"taxonomy":"post_tag","embeddable":true,"href":"https:\/\/www.zohumpolec.cz\/index.php?rest_route=%2Fwp%2Fv2%2Ftags&post=154"}],"curies":[{"name":"wp","href":"https:\/\/api.w.org\/{rel}","templated":true}]}}